{"id":677,"date":"2024-03-15T10:27:59","date_gmt":"2024-03-15T08:27:59","guid":{"rendered":"https:\/\/farmaciadelpaseo.com\/blog\/?p=677"},"modified":"2024-10-21T09:59:35","modified_gmt":"2024-10-21T07:59:35","slug":"cuidado-de-la-piel-en-invierno","status":"publish","type":"post","link":"https:\/\/farmaciadelpaseo.com\/blog\/cuidado-de-la-piel-en-invierno\/","title":{"rendered":"Cuidado de la piel en invierno: recomendaciones de nuestra farmacia"},"content":{"rendered":"\n<p>El invierno trae consigo una serie de cambios en el clima que pueden afectar considerablemente la salud de nuestra piel. Con temperaturas m\u00e1s fr\u00edas, la humedad en el aire disminuye, lo que puede llevar a la deshidrataci\u00f3n cut\u00e1nea, irritaci\u00f3n e incluso a la aparici\u00f3n de problemas m\u00e1s serios. Por ello, es fundamental adaptar nuestra rutina de cuidado de la piel para enfrentar los desaf\u00edos que esta temporada presenta. En este art\u00edculo, exploraremos c\u00f3mo el invierno impacta nuestra piel y ofreceremos recomendaciones pr\u00e1cticas y productos espec\u00edficos para mantenerla sana y radiante. Cuidado de la piel en invierno.<\/p>\n\n\n\n<div id=\"ez-toc-container\" class=\"ez-toc-v2_0_71 counter-hierarchy ez-toc-counter ez-toc-grey ez-toc-container-direction\">\n<div class=\"ez-toc-title-container\">\n<p class=\"ez-toc-title\" style=\"cursor:inherit\">Contenido de la publicaci\u00f3n<\/p>\n<span class=\"ez-toc-title-toggle\"><a href=\"#\" class=\"ez-toc-pull-right ez-toc-btn ez-toc-btn-xs ez-toc-btn-default ez-toc-toggle\" aria-label=\"Toggle Table of Content\"><span class=\"ez-toc-js-icon-con\"><span class=\"\"><span class=\"eztoc-hide\" style=\"display:none;\">Toggle<\/span><span class=\"ez-toc-icon-toggle-span\"><svg style=\"fill: #999;color:#999\" xmlns=\"http:\/\/www.w3.org\/2000\/svg\" class=\"list-377408\" width=\"20px\" height=\"20px\" viewBox=\"0 0 24 24\" fill=\"none\"><path d=\"M6 6H4v2h2V6zm14 0H8v2h12V6zM4 11h2v2H4v-2zm16 0H8v2h12v-2zM4 16h2v2H4v-2zm16 0H8v2h12v-2z\" fill=\"currentColor\"><\/path><\/svg><svg style=\"fill: #999;color:#999\" class=\"arrow-unsorted-368013\" xmlns=\"http:\/\/www.w3.org\/2000\/svg\" width=\"10px\" height=\"10px\" viewBox=\"0 0 24 24\" version=\"1.2\" baseProfile=\"tiny\"><path d=\"M18.2 9.3l-6.2-6.3-6.2 6.3c-.2.2-.3.4-.3.7s.1.5.3.7c.2.2.4.3.7.3h11c.3 0 .5-.1.7-.3.2-.2.3-.5.3-.7s-.1-.5-.3-.7zM5.8 14.7l6.2 6.3 6.2-6.3c.2-.2.3-.5.3-.7s-.1-.5-.3-.7c-.2-.2-.4-.3-.7-.3h-11c-.3 0-.5.1-.7.3-.2.2-.3.5-.3.7s.1.5.3.7z\"\/><\/svg><\/span><\/span><\/span><\/a><\/span><\/div>\n<nav><ul class='ez-toc-list ez-toc-list-level-1 ' ><li class='ez-toc-page-1 ez-toc-heading-level-2'><a class=\"ez-toc-link ez-toc-heading-1\" href=\"https:\/\/farmaciadelpaseo.com\/blog\/cuidado-de-la-piel-en-invierno\/#Como_el_invierno_afecta_a_nuestra_piel\" title=\"C\u00f3mo el invierno afecta a nuestra piel\">C\u00f3mo el invierno afecta a nuestra piel<\/a><ul class='ez-toc-list-level-3' ><li class='ez-toc-heading-level-3'><a class=\"ez-toc-link ez-toc-heading-2\" href=\"https:\/\/farmaciadelpaseo.com\/blog\/cuidado-de-la-piel-en-invierno\/#Cambios_climaticos_y_sus_impactos\" title=\"Cambios clim\u00e1ticos y sus impactos\">Cambios clim\u00e1ticos y sus impactos<\/a><\/li><li class='ez-toc-page-1 ez-toc-heading-level-3'><a class=\"ez-toc-link ez-toc-heading-3\" href=\"https:\/\/farmaciadelpaseo.com\/blog\/cuidado-de-la-piel-en-invierno\/#Principales_problemas_de_piel_en_invierno\" title=\"Principales problemas de piel en invierno\">Principales problemas de piel en invierno<\/a><\/li><\/ul><\/li><li class='ez-toc-page-1 ez-toc-heading-level-2'><a class=\"ez-toc-link ez-toc-heading-4\" href=\"https:\/\/farmaciadelpaseo.com\/blog\/cuidado-de-la-piel-en-invierno\/#Consejos_para_una_buena_hidratacion_de_la_piel_en_invierno\" title=\"Consejos para una buena hidrataci\u00f3n de la piel en invierno\">Consejos para una buena hidrataci\u00f3n de la piel en invierno<\/a><ul class='ez-toc-list-level-3' ><li class='ez-toc-heading-level-3'><a class=\"ez-toc-link ez-toc-heading-5\" href=\"https:\/\/farmaciadelpaseo.com\/blog\/cuidado-de-la-piel-en-invierno\/#Importancia_de_la_hidratacion\" title=\"Importancia de la hidrataci\u00f3n\">Importancia de la hidrataci\u00f3n<\/a><\/li><li class='ez-toc-page-1 ez-toc-heading-level-3'><a class=\"ez-toc-link ez-toc-heading-6\" href=\"https:\/\/farmaciadelpaseo.com\/blog\/cuidado-de-la-piel-en-invierno\/#Como_elegir_una_buena_crema_hidratante\" title=\"C\u00f3mo elegir una buena crema hidratante\">C\u00f3mo elegir una buena crema hidratante<\/a><\/li><li class='ez-toc-page-1 ez-toc-heading-level-3'><a class=\"ez-toc-link ez-toc-heading-7\" href=\"https:\/\/farmaciadelpaseo.com\/blog\/cuidado-de-la-piel-en-invierno\/#Productos_recomendados_para_el_cuidado_de_la_piel_seca\" title=\"Productos recomendados para el cuidado de la piel seca\">Productos recomendados para el cuidado de la piel seca<\/a><\/li><\/ul><\/li><li class='ez-toc-page-1 ez-toc-heading-level-2'><a class=\"ez-toc-link ez-toc-heading-8\" href=\"https:\/\/farmaciadelpaseo.com\/blog\/cuidado-de-la-piel-en-invierno\/#Proteccion_solar_indispensable_tambien_en_invierno\" title=\"Protecci\u00f3n solar: indispensable tambi\u00e9n en invierno\">Protecci\u00f3n solar: indispensable tambi\u00e9n en invierno<\/a><ul class='ez-toc-list-level-3' ><li class='ez-toc-heading-level-3'><a class=\"ez-toc-link ez-toc-heading-9\" href=\"https:\/\/farmaciadelpaseo.com\/blog\/cuidado-de-la-piel-en-invierno\/#Importancia_de_la_proteccion_solar_todo_el_ano\" title=\"Importancia de la protecci\u00f3n solar todo el a\u00f1o\">Importancia de la protecci\u00f3n solar todo el a\u00f1o<\/a><\/li><li class='ez-toc-page-1 ez-toc-heading-level-3'><a class=\"ez-toc-link ez-toc-heading-10\" href=\"https:\/\/farmaciadelpaseo.com\/blog\/cuidado-de-la-piel-en-invierno\/#Productos_recomendados_para_la_proteccion_solar_invernal\" title=\"Productos recomendados para la protecci\u00f3n solar invernal\">Productos recomendados para la protecci\u00f3n solar invernal<\/a><\/li><\/ul><\/li><li class='ez-toc-page-1 ez-toc-heading-level-2'><a class=\"ez-toc-link ez-toc-heading-11\" href=\"https:\/\/farmaciadelpaseo.com\/blog\/cuidado-de-la-piel-en-invierno\/#Remedios_naturales_para_proteger_la_piel_en_invierno\" title=\"Remedios naturales para proteger la piel en invierno\">Remedios naturales para proteger la piel en invierno<\/a><ul class='ez-toc-list-level-3' ><li class='ez-toc-heading-level-3'><a class=\"ez-toc-link ez-toc-heading-12\" href=\"https:\/\/farmaciadelpaseo.com\/blog\/cuidado-de-la-piel-en-invierno\/#Ingredientes_naturales_para_la_piel\" title=\"Ingredientes naturales para la piel\">Ingredientes naturales para la piel<\/a><\/li><li class='ez-toc-page-1 ez-toc-heading-level-3'><a class=\"ez-toc-link ez-toc-heading-13\" href=\"https:\/\/farmaciadelpaseo.com\/blog\/cuidado-de-la-piel-en-invierno\/#Suplementos_recomendados_para_una_piel_sana\" title=\"Suplementos recomendados para una piel sana\">Suplementos recomendados para una piel sana<\/a><\/li><\/ul><\/li><li class='ez-toc-page-1 ez-toc-heading-level-2'><a class=\"ez-toc-link ez-toc-heading-14\" href=\"https:\/\/farmaciadelpaseo.com\/blog\/cuidado-de-la-piel-en-invierno\/#Rutina_nocturna_de_cuidado_de_la_piel_para_el_invierno\" title=\"Rutina nocturna de cuidado de la piel para el invierno\">Rutina nocturna de cuidado de la piel para el invierno<\/a><ul class='ez-toc-list-level-3' ><li class='ez-toc-heading-level-3'><a class=\"ez-toc-link ez-toc-heading-15\" href=\"https:\/\/farmaciadelpaseo.com\/blog\/cuidado-de-la-piel-en-invierno\/#Importancia_del_cuidado_nocturno\" title=\"Importancia del cuidado nocturno\">Importancia del cuidado nocturno<\/a><\/li><li class='ez-toc-page-1 ez-toc-heading-level-3'><a class=\"ez-toc-link ez-toc-heading-16\" href=\"https:\/\/farmaciadelpaseo.com\/blog\/cuidado-de-la-piel-en-invierno\/#Productos_clave_para_reparar_la_piel_durante_la_noche\" title=\"Productos clave para reparar la piel durante la noche\">Productos clave para reparar la piel durante la noche<\/a><\/li><li class='ez-toc-page-1 ez-toc-heading-level-3'><a class=\"ez-toc-link ez-toc-heading-17\" href=\"https:\/\/farmaciadelpaseo.com\/blog\/cuidado-de-la-piel-en-invierno\/#Consejos_adicionales_para_mantener_una_piel_saludable\" title=\"Consejos adicionales para mantener una piel saludable\">Consejos adicionales para mantener una piel saludable<\/a><\/li><\/ul><\/li><li class='ez-toc-page-1 ez-toc-heading-level-2'><a class=\"ez-toc-link ez-toc-heading-18\" href=\"https:\/\/farmaciadelpaseo.com\/blog\/cuidado-de-la-piel-en-invierno\/#Consejos_adicionales_para_mantener_una_piel_saludable-2\" title=\"Consejos adicionales para mantener una piel saludable\">Consejos adicionales para mantener una piel saludable<\/a><ul class='ez-toc-list-level-3' ><li class='ez-toc-heading-level-3'><a class=\"ez-toc-link ez-toc-heading-19\" href=\"https:\/\/farmaciadelpaseo.com\/blog\/cuidado-de-la-piel-en-invierno\/#Alimentacion_y_cuidado_interno\" title=\"Alimentaci\u00f3n y cuidado interno\">Alimentaci\u00f3n y cuidado interno<\/a><\/li><li class='ez-toc-page-1 ez-toc-heading-level-3'><a class=\"ez-toc-link ez-toc-heading-20\" href=\"https:\/\/farmaciadelpaseo.com\/blog\/cuidado-de-la-piel-en-invierno\/#Habitos_de_higiene_y_limpieza_adecuados\" title=\"H\u00e1bitos de higiene y limpieza adecuados\">H\u00e1bitos de higiene y limpieza adecuados<\/a><\/li><li class='ez-toc-page-1 ez-toc-heading-level-3'><a class=\"ez-toc-link ez-toc-heading-21\" href=\"https:\/\/farmaciadelpaseo.com\/blog\/cuidado-de-la-piel-en-invierno\/#Proteccion_contra_factores_ambientales\" title=\"Protecci\u00f3n contra factores ambientales\">Protecci\u00f3n contra factores ambientales<\/a><\/li><\/ul><\/li><li class='ez-toc-page-1 ez-toc-heading-level-2'><a class=\"ez-toc-link ez-toc-heading-22\" href=\"https:\/\/farmaciadelpaseo.com\/blog\/cuidado-de-la-piel-en-invierno\/#%C2%A1Brillando_en_invierno\" title=\"\u00a1Brillando en invierno!\">\u00a1Brillando en invierno!<\/a><\/li><\/ul><\/nav><\/div>\n<h2 class=\"wp-block-heading\"><span class=\"ez-toc-section\" id=\"Como_el_invierno_afecta_a_nuestra_piel\"><\/span>C\u00f3mo el invierno afecta a nuestra piel<span class=\"ez-toc-section-end\"><\/span><\/h2>\n\n\n\n<h3 class=\"wp-block-heading\"><span class=\"ez-toc-section\" id=\"Cambios_climaticos_y_sus_impactos\"><\/span>Cambios clim\u00e1ticos y sus impactos<span class=\"ez-toc-section-end\"><\/span><\/h3>\n\n\n\n<p>Durante el invierno, las bajas temperaturas y el aire seco son las principales causas del deterioro de la piel. La reducci\u00f3n de la humedad ambiental provoca que la piel pierda su capacidad natural de retener agua, lo que puede resultar en sequedad y aspereza. A menudo, esto se ve acompa\u00f1ado de una disminuci\u00f3n en la producci\u00f3n de sebo, la sustancia oleosa que protege y nutre la piel. Como resultado, muchas personas experimentan s\u00edntomas como picaz\u00f3n, descamaci\u00f3n y enrojecimiento.<\/p>\n\n\n\n<p>Adem\u00e1s, el uso de calefacci\u00f3n en interiores tambi\u00e9n contribuye a la deshidrataci\u00f3n cut\u00e1nea. Aunque proporciona comodidad, este ambiente seco puede exacerbar los problemas de la piel. Los cambios bruscos de temperatura, al pasar del fr\u00edo exterior al calor interior, tambi\u00e9n pueden causar irritaciones y enrojecimientos. Es crucial ser consciente de estos factores para implementar medidas adecuadas que protejan nuestra piel.<\/p>\n\n\n\n<h3 class=\"wp-block-heading\"><span class=\"ez-toc-section\" id=\"Principales_problemas_de_piel_en_invierno\"><\/span>Principales problemas de piel en invierno<span class=\"ez-toc-section-end\"><\/span><\/h3>\n\n\n\n<p>Los problemas cut\u00e1neos m\u00e1s comunes que surgen durante el invierno incluyen:<\/p>\n\n\n\n<p><strong>Sequedad:<\/strong> La piel se siente tirante y \u00e1spera, lo que puede resultar inc\u00f3modo.<\/p>\n\n\n\n<p><strong>Irritaci\u00f3n:<\/strong> El fr\u00edo extremo puede causar enrojecimiento y sensibilidad en la piel.<\/p>\n\n\n\n<p><strong>Eczemas:<\/strong> Las personas propensas pueden experimentar brotes debido a la deshidrataci\u00f3n.<\/p>\n\n\n\n<p><strong>Labios agrietados<\/strong>: La piel de los labios es especialmente vulnerable a la sequedad, lo que puede llevar a fisuras y dolor.<\/p>\n\n\n\n<p>La identificaci\u00f3n temprana de estos problemas es vital para tomar medidas preventivas. Con el enfoque correcto, es posible mantener la piel en condiciones \u00f3ptimas incluso durante los meses m\u00e1s fr\u00edos.<\/p>\n\n\n\n<h2 class=\"wp-block-heading\"><span class=\"ez-toc-section\" id=\"Consejos_para_una_buena_hidratacion_de_la_piel_en_invierno\"><\/span>Consejos para una buena hidrataci\u00f3n de la piel en invierno<span class=\"ez-toc-section-end\"><\/span><\/h2>\n\n\n\n<p>La hidrataci\u00f3n es clave para mantener la salud de la piel durante el invierno. A continuaci\u00f3n, se presentan algunos consejos pr\u00e1cticos que pueden ayudar a combatir la sequedad y a mantener la piel suave y radiante.<\/p>\n\n\n\n<h3 class=\"wp-block-heading\"><span class=\"ez-toc-section\" id=\"Importancia_de_la_hidratacion\"><\/span>Importancia de la hidrataci\u00f3n<span class=\"ez-toc-section-end\"><\/span><\/h3>\n\n\n\n<p>La <strong>hidrataci\u00f3n<\/strong> no solo se refiere a la aplicaci\u00f3n de productos en la piel, sino tambi\u00e9n a mantener un equilibrio adecuado de agua en el cuerpo. La piel deshidratada pierde su elasticidad y puede volverse m\u00e1s susceptible a irritaciones y da\u00f1os. Beber suficiente agua es fundamental para mantener la piel en \u00f3ptimas condiciones. Se recomienda un consumo de al menos <strong>2 litros de agua al d\u00eda<\/strong>, pero este valor puede variar seg\u00fan la actividad f\u00edsica y el clima.<\/p>\n\n\n\n<h3 class=\"wp-block-heading\"><span class=\"ez-toc-section\" id=\"Como_elegir_una_buena_crema_hidratante\"><\/span>C\u00f3mo elegir una buena crema hidratante<span class=\"ez-toc-section-end\"><\/span><\/h3>\n\n\n\n<p>Al seleccionar una crema hidratante para el invierno, es importante considerar los siguientes factores:<\/p>\n\n\n\n<p><strong>Ingredientes<\/strong>: Opta por productos que contengan ingredientes emolientes como la <strong>glicerina<\/strong>, <strong>\u00e1cido hialur\u00f3nico<\/strong> y <strong>ceramidas<\/strong>, que ayudan a retener la humedad en la piel.<\/p>\n\n\n\n<p><strong>Textura<\/strong>: Las cremas m\u00e1s ricas y gruesas son ideales para el clima fr\u00edo, ya que crean una barrera protectora en la piel. Evita las lociones ligeras, que pueden no ser suficientes durante esta temporada.<\/p>\n\n\n\n<p><strong>Sin fragancias<\/strong>: Si tu piel es sensible, elige productos <strong>sin fragancias<\/strong> ni irritantes, ya que pueden causar reacciones adversas en la piel deshidratada.<\/p>\n\n\n\n<h3 class=\"wp-block-heading\"><span class=\"ez-toc-section\" id=\"Productos_recomendados_para_el_cuidado_de_la_piel_seca\"><\/span>Productos recomendados para el cuidado de la piel seca<span class=\"ez-toc-section-end\"><\/span><\/h3>\n\n\n\n<p>A continuaci\u00f3n, se mencionan algunos productos que pueden ser beneficiosos para mantener la piel hidratada durante el invierno:<\/p>\n\n\n\n<p><strong>Cremas hidratantes faciales y corporales<\/strong>: Busca aquellas que est\u00e9n formuladas espec\u00edficamente para piel seca. Algunas marcas recomendadas incluyen <strong>Cetaphil<\/strong>, <strong>La Roche-Posay<\/strong> y <strong>CeraVe<\/strong>.<\/p>\n\n\n\n<p><strong>Lociones y geles limpiadores<\/strong>: Opta por limpiadores suaves que no eliminen los aceites naturales de la piel. Los limpiadores cremosos o en aceite son una excelente opci\u00f3n.<\/p>\n\n\n\n<p><strong>Protecci\u00f3n solar<\/strong>: Aunque el sol no brilla con la misma intensidad en invierno, la <strong>protecci\u00f3n solar<\/strong> sigue siendo indispensable. Utiliza un protector solar de amplio espectro para prevenir el da\u00f1o solar, incluso en d\u00edas nublados.<\/p>\n\n\n\n<h2 class=\"wp-block-heading\"><span class=\"ez-toc-section\" id=\"Proteccion_solar_indispensable_tambien_en_invierno\"><\/span>Protecci\u00f3n solar: indispensable tambi\u00e9n en invierno<span class=\"ez-toc-section-end\"><\/span><\/h2>\n\n\n\n<p>A menudo se subestima la importancia de la <strong>protecci\u00f3n solar<\/strong> durante los meses de invierno. Sin embargo, los rayos ultravioleta (UV) pueden da\u00f1ar la piel incluso en d\u00edas fr\u00edos y nublados. A continuaci\u00f3n, se explican las razones por las que la protecci\u00f3n solar sigue siendo crucial y se presentan algunas recomendaciones de productos.<\/p>\n\n\n\n<h3 class=\"wp-block-heading\"><span class=\"ez-toc-section\" id=\"Importancia_de_la_proteccion_solar_todo_el_ano\"><\/span>Importancia de la protecci\u00f3n solar todo el a\u00f1o<span class=\"ez-toc-section-end\"><\/span><\/h3>\n\n\n\n<p>Los rayos UVA y UVB son perjudiciales para la piel, independientemente de la temporada. Los rayos UVA penetran profundamente en la piel y contribuyen al envejecimiento prematuro, mientras que los rayos UVB son responsables de las quemaduras solares. En invierno, la <strong>reflexi\u00f3n del sol<\/strong> en la nieve puede aumentar la exposici\u00f3n a los rayos UV, haciendo que la protecci\u00f3n solar sea a\u00fan m\u00e1s necesaria.<\/p>\n\n\n\n<p>Adem\u00e1s, el uso diario de protector solar ayuda a prevenir el riesgo de c\u00e1ncer de piel a largo plazo. Por lo tanto, es fundamental incorporar este paso en la rutina diaria, incluso si pasas la mayor parte del tiempo en interiores.<\/p>\n\n\n\n<h3 class=\"wp-block-heading\"><span class=\"ez-toc-section\" id=\"Productos_recomendados_para_la_proteccion_solar_invernal\"><\/span>Productos recomendados para la protecci\u00f3n solar invernal<span class=\"ez-toc-section-end\"><\/span><\/h3>\n\n\n\n<p>Al elegir un protector solar para el invierno, considera las siguientes caracter\u00edsticas:<\/p>\n\n\n\n<p><strong>Amplio espectro<\/strong>: Aseg\u00farate de que el producto proteja contra ambos tipos de rayos UV. Busca etiquetas que indiquen \u00abamplio espectro.\u00bb<\/p>\n\n\n\n<p><strong>SPF 30 o m\u00e1s<\/strong>: Un factor de protecci\u00f3n solar de al menos <strong>30<\/strong> es recomendable para una protecci\u00f3n adecuada.<\/p>\n\n\n\n<p><strong>F\u00f3rmulas hidratantes<\/strong>: Opta por protectores solares que tambi\u00e9n contengan ingredientes hidratantes, como <strong>\u00e1cido hialur\u00f3nico<\/strong> o <strong>glicerina<\/strong>, para mantener la piel suave.<\/p>\n\n\n\n<p>Algunas marcas recomendadas incluyen <strong>Neutrogena<\/strong>, <strong>EltaMD<\/strong> y <strong>Vichy<\/strong>. Estos productos ofrecen una protecci\u00f3n eficaz y se adaptan bien a las condiciones invernales.<\/p>\n\n\n\n<h2 class=\"wp-block-heading\"><span class=\"ez-toc-section\" id=\"Remedios_naturales_para_proteger_la_piel_en_invierno\"><\/span>Remedios naturales para proteger la piel en invierno<span class=\"ez-toc-section-end\"><\/span><\/h2>\n\n\n\n<p>Adem\u00e1s de los productos comerciales, existen varios <strong>remedios naturales<\/strong> que pueden ayudar a mantener la piel hidratada y protegida durante el invierno. Muchos de estos ingredientes son ricos en nutrientes y ofrecen propiedades calmantes y reparadoras.<\/p>\n\n\n\n<h3 class=\"wp-block-heading\"><span class=\"ez-toc-section\" id=\"Ingredientes_naturales_para_la_piel\"><\/span>Ingredientes naturales para la piel<span class=\"ez-toc-section-end\"><\/span><\/h3>\n\n\n\n<p><strong>Aceite de coco<\/strong>: Este aceite es conocido por sus propiedades hidratantes y antibacterianas. Su composici\u00f3n lip\u00eddica ayuda a retener la humedad en la piel, siendo ideal para combatir la sequedad invernal. Puedes aplicarlo directamente en \u00e1reas afectadas o utilizarlo como base para mezclas con otros aceites.<\/p>\n\n\n\n<p><strong>Aloe vera<\/strong>: El gel de aloe vera es un excelente remedio natural para calmar la piel irritada. Tiene propiedades antiinflamatorias y es especialmente efectivo para hidratar sin dejar una sensaci\u00f3n grasosa. Aplica el gel directamente sobre la piel o elige productos que contengan este ingrediente.<\/p>\n\n\n\n<p><strong>Manteca de karit\u00e9<\/strong>: Rica en \u00e1cidos grasos y vitaminas, la manteca de karit\u00e9 es un hidratante intenso que ayuda a suavizar la piel seca. Se puede aplicar como crema corporal, proporcionando una barrera protectora contra el fr\u00edo.<\/p>\n\n\n\n<p><strong>Aceite de almendras<\/strong>: Este aceite es ligero y f\u00e1cilmente absorbido por la piel. Adem\u00e1s de hidratar, ayuda a mejorar la elasticidad de la piel y es ideal para masajes. Utiliza aceite de almendras en combinaci\u00f3n con otros aceites para obtener mejores resultados.<\/p>\n\n\n\n<h3 class=\"wp-block-heading\"><span class=\"ez-toc-section\" id=\"Suplementos_recomendados_para_una_piel_sana\"><\/span>Suplementos recomendados para una piel sana<span class=\"ez-toc-section-end\"><\/span><\/h3>\n\n\n\n<p>Los suplementos tambi\u00e9n pueden ser beneficiosos para mantener la salud de la piel durante el invierno:<\/p>\n\n\n\n<figure class=\"wp-block-image size-full\"><a href=\"https:\/\/farmaciadelpaseo.com\/higiene-y-salud\/corporal\/lierac-body-hydra-micropeeling-200-ml\"><img loading=\"lazy\" decoding=\"async\" width=\"980\" height=\"653\" src=\"https:\/\/farmaciadelpaseo.com\/blog\/wp-content\/uploads\/2024\/10\/Lierac-Laboratories-Le-Gommage-Resurfacant-reescalado.jpg\" alt=\"cuidado en la piel de invierno\" class=\"wp-image-685\" srcset=\"https:\/\/farmaciadelpaseo.com\/blog\/wp-content\/uploads\/2024\/10\/Lierac-Laboratories-Le-Gommage-Resurfacant-reescalado.jpg 980w, https:\/\/farmaciadelpaseo.com\/blog\/wp-content\/uploads\/2024\/10\/Lierac-Laboratories-Le-Gommage-Resurfacant-reescalado-480x320.jpg 480w\" sizes=\"(min-width: 0px) and (max-width: 480px) 480px, (min-width: 481px) 980px, 100vw\" \/><\/a><\/figure>\n\n\n\n<p><br><strong><a href=\"https:\/\/farmaciadelpaseo.com\/higiene-y-salud\/corporal\/lierac-body-hydra-micropeeling-200-ml\">Lierac Laboratories Le Gommage Resurfa\u00e7ant<\/a><\/strong> es un exfoliante suave que renueva la textura de la piel y mejora su luminosidad, gracias a su f\u00f3rmula con \u00e1cidos de frutas.<\/p>\n\n\n\n<figure class=\"wp-block-image size-full\"><a href=\"https:\/\/farmaciadelpaseo.com\/dermocosmetica\/dermocosmetica-facial\/tratamientos-de-dia\/lierac-hydragenist-crema-hidratante-50-ml\"><img loading=\"lazy\" decoding=\"async\" width=\"980\" height=\"653\" src=\"https:\/\/farmaciadelpaseo.com\/blog\/wp-content\/uploads\/2024\/10\/LIERAC-body-sculpt-creme-morpho-regalbante-reescalado.jpg\" alt=\"cuidado en la piel de invierno\" class=\"wp-image-684\" srcset=\"https:\/\/farmaciadelpaseo.com\/blog\/wp-content\/uploads\/2024\/10\/LIERAC-body-sculpt-creme-morpho-regalbante-reescalado.jpg 980w, https:\/\/farmaciadelpaseo.com\/blog\/wp-content\/uploads\/2024\/10\/LIERAC-body-sculpt-creme-morpho-regalbante-reescalado-480x320.jpg 480w\" sizes=\"(min-width: 0px) and (max-width: 480px) 480px, (min-width: 481px) 980px, 100vw\" \/><\/a><\/figure>\n\n\n\n<p><strong><a href=\"https:\/\/farmaciadelpaseo.com\/dermocosmetica\/dermocosmetica-facial\/tratamientos-de-dia\/lierac-hydragenist-crema-hidratante-50-ml\">Lierac Laboratories Cr\u00e8me Morpho-R\u00e9glante<\/a><\/strong> es una crema hidratante que redefine los contornos faciales, aportando firmeza y un aspecto m\u00e1s joven, ideal para combatir la flacidez.<\/p>\n\n\n\n<figure class=\"wp-block-image size-full\" id=\"\u00e7\"><a href=\"https:\/\/farmaciadelpaseo.com\/dermocosmetica\/dermocosmetica-facial\/limpieza\/patyka-cofre-pack-ritual-piel-perfecta-clean\"><img loading=\"lazy\" decoding=\"async\" width=\"532\" height=\"532\" src=\"https:\/\/farmaciadelpaseo.com\/blog\/wp-content\/uploads\/2024\/10\/w-532-h-532-zc-2-patyka-glow-serum-bonne-mine-patyka2-1726481387.jpg.jpg\" alt=\"cuidado en la piel de invierno\" class=\"wp-image-692\" srcset=\"https:\/\/farmaciadelpaseo.com\/blog\/wp-content\/uploads\/2024\/10\/w-532-h-532-zc-2-patyka-glow-serum-bonne-mine-patyka2-1726481387.jpg.jpg 532w, https:\/\/farmaciadelpaseo.com\/blog\/wp-content\/uploads\/2024\/10\/w-532-h-532-zc-2-patyka-glow-serum-bonne-mine-patyka2-1726481387.jpg-480x480.jpg 480w\" sizes=\"(min-width: 0px) and (max-width: 480px) 480px, (min-width: 481px) 532px, 100vw\" \/><\/a><\/figure>\n\n\n\n<p><br><strong><a href=\"https:\/\/farmaciadelpaseo.com\/dermocosmetica\/dermocosmetica-facial\/limpieza\/patyka-cofre-pack-ritual-piel-perfecta-clean\">Patyka Glow Serum Bonne Mine<\/a><\/strong> es un s\u00e9rum iluminador que aporta un brillo saludable y unifica el tono de la piel, gracias a su f\u00f3rmula rica en activos naturales.<\/p>\n\n\n\n<figure class=\"wp-block-image size-full\"><a href=\"https:\/\/farmaciadelpaseo.com\/higiene-y-salud\/pies-y-manos\/patyka-crema-de-manos-y-unas-40-ml\"><img loading=\"lazy\" decoding=\"async\" width=\"980\" height=\"653\" src=\"https:\/\/farmaciadelpaseo.com\/blog\/wp-content\/uploads\/2024\/10\/Patyka-Glow-Creme-Eclat-Perfectrice-Bio-40ml-reescalado.jpg\" alt=\"Cuidado de la piel en invierno\" class=\"wp-image-694\" srcset=\"https:\/\/farmaciadelpaseo.com\/blog\/wp-content\/uploads\/2024\/10\/Patyka-Glow-Creme-Eclat-Perfectrice-Bio-40ml-reescalado.jpg 980w, https:\/\/farmaciadelpaseo.com\/blog\/wp-content\/uploads\/2024\/10\/Patyka-Glow-Creme-Eclat-Perfectrice-Bio-40ml-reescalado-480x320.jpg 480w\" sizes=\"(min-width: 0px) and (max-width: 480px) 480px, (min-width: 481px) 980px, 100vw\" \/><\/a><\/figure>\n\n\n\n<p><strong><a href=\"https:\/\/farmaciadelpaseo.com\/higiene-y-salud\/pies-y-manos\/patyka-crema-de-manos-y-unas-40-ml\">Patyka Glow Cr\u00e8me \u00c9clat Perfectrice<\/a><\/strong> es una crema que perfecciona la piel, hidrat\u00e1ndola y dej\u00e1ndola con un acabado radiante, ideal para un uso diario que realza la luminosidad<\/p>\n\n\n\n<h2 class=\"wp-block-heading\"><span class=\"ez-toc-section\" id=\"Rutina_nocturna_de_cuidado_de_la_piel_para_el_invierno\"><\/span>Rutina nocturna de cuidado de la piel para el invierno<span class=\"ez-toc-section-end\"><\/span><\/h2>\n\n\n\n<p>Durante el invierno, una <strong>rutina nocturna<\/strong> adecuada es esencial para reparar y nutrir la piel mientras duermes. La piel tiene la capacidad de regenerarse durante la noche, y los productos aplicados pueden maximizar este proceso. A continuaci\u00f3n, se presentan los pasos clave para una rutina nocturna efectiva.<\/p>\n\n\n\n<h3 class=\"wp-block-heading\"><span class=\"ez-toc-section\" id=\"Importancia_del_cuidado_nocturno\"><\/span>Importancia del cuidado nocturno<span class=\"ez-toc-section-end\"><\/span><\/h3>\n\n\n\n<p>Mientras dormimos, la piel se encuentra en un estado de regeneraci\u00f3n y reparaci\u00f3n. Utilizar productos espec\u00edficos en la noche puede ayudar a abordar problemas como la sequedad, la irritaci\u00f3n y el envejecimiento prematuro. Adem\u00e1s, los ingredientes activos suelen ser m\u00e1s efectivos durante este per\u00edodo, ya que no est\u00e1n expuestos a factores ambientales que pueden disminuir su eficacia.<\/p>\n\n\n\n<h3 class=\"wp-block-heading\"><span class=\"ez-toc-section\" id=\"Productos_clave_para_reparar_la_piel_durante_la_noche\"><\/span>Productos clave para reparar la piel durante la noche<span class=\"ez-toc-section-end\"><\/span><\/h3>\n\n\n\n<p>1. <strong>Limpiador suave<\/strong>: Comienza tu rutina nocturna con un limpiador suave para eliminar la suciedad, el maquillaje y las impurezas. Opta por un limpiador en crema o en aceite que no despoje a la piel de sus aceites naturales.<\/p>\n\n\n\n<p>2. <strong>T\u00f3nico hidratante<\/strong>: Utiliza un t\u00f3nico que contenga ingredientes como el <strong>agua de rosas<\/strong> o el <strong>\u00e1cido hialur\u00f3nico<\/strong>. Estos productos ayudan a equilibrar la piel y prepararla para los siguientes pasos.<\/p>\n\n\n\n<p>3. <strong>S\u00e9rum reparador<\/strong>: Aplica un s\u00e9rum que contenga ingredientes como <strong>retinol<\/strong> o <strong>vitamina C<\/strong>. Estos activos ayudan a estimular la producci\u00f3n de col\u00e1geno, mejorando la textura y el tono de la piel.<\/p>\n\n\n\n<p>4. <strong>Crema hidratante intensa<\/strong>: Elige una crema hidratante rica en nutrientes para sellar la hidrataci\u00f3n. Busca productos que contengan <strong>ceramidas<\/strong>, <strong>\u00e1cido hialur\u00f3nico<\/strong> y <strong>manteca de karit\u00e9<\/strong> para proporcionar una hidrataci\u00f3n profunda.<\/p>\n\n\n\n<p>5. <strong>Aceite facial<\/strong>: Para un extra de hidrataci\u00f3n, considera aplicar unas gotas de aceite facial despu\u00e9s de tu crema hidratante. El aceite de jojoba o el aceite de arg\u00e1n son excelentes opciones que no obstruyen los poros.<\/p>\n\n\n\n<h3 class=\"wp-block-heading\"><span class=\"ez-toc-section\" id=\"Consejos_adicionales_para_mantener_una_piel_saludable\"><\/span>Consejos adicionales para mantener una piel saludable<span class=\"ez-toc-section-end\"><\/span><\/h3>\n\n\n\n<p><strong>Evita duchas calientes<\/strong>: Aunque son reconfortantes en invierno, el agua caliente puede despojar a la piel de sus aceites naturales. Opta por duchas tibias y limita el tiempo de exposici\u00f3n al agua.<\/p>\n\n\n\n<p><strong>Humidificadores<\/strong>: Considera utilizar un humidificador en tu hogar para a\u00f1adir humedad al aire seco. Esto puede ayudar a mantener la piel hidratada y prevenir la sequedad.<\/p>\n\n\n\n<p><strong>Alimentaci\u00f3n equilibrada<\/strong>: Mant\u00e9n una dieta rica en antioxidantes, \u00e1cidos grasos y vitaminas. Frutas, verduras y alimentos ricos en omega-3 pueden contribuir a una piel m\u00e1s saludable.<\/p>\n\n\n\n<h2 class=\"wp-block-heading\"><span class=\"ez-toc-section\" id=\"Consejos_adicionales_para_mantener_una_piel_saludable-2\"><\/span>Consejos adicionales para mantener una piel saludable<span class=\"ez-toc-section-end\"><\/span><\/h2>\n\n\n\n<p>Adem\u00e1s de seguir una rutina de cuidado espec\u00edfica, hay varios <strong>h\u00e1bitos y pr\u00e1cticas<\/strong> que pueden ayudar a mantener la salud de la piel durante el invierno. Aqu\u00ed te presentamos algunas recomendaciones para complementar tu cuidado diario.<\/p>\n\n\n\n<h3 class=\"wp-block-heading\"><span class=\"ez-toc-section\" id=\"Alimentacion_y_cuidado_interno\"><\/span>Alimentaci\u00f3n y cuidado interno<span class=\"ez-toc-section-end\"><\/span><\/h3>\n\n\n\n<p>Una dieta equilibrada es fundamental para la salud de la piel. Aseg\u00farate de incluir:<\/p>\n\n\n\n<p><strong>Frutas y verduras<\/strong>: Estos alimentos son ricos en antioxidantes que ayudan a combatir el da\u00f1o de los radicales libres. Las frutas c\u00edtricas, los berries, y las verduras de hoja verde son excelentes opciones.<\/p>\n\n\n\n<p><strong>\u00c1cidos grasos omega-3<\/strong>: Incluye pescados como el salm\u00f3n, nueces y semillas de ch\u00eda en tu dieta. Estos alimentos ayudan a mantener la piel hidratada y reducen la inflamaci\u00f3n.<\/p>\n\n\n\n<p><strong>Hidrataci\u00f3n adecuada<\/strong>: Bebe suficiente agua durante todo el d\u00eda para mantener la piel bien hidratada desde adentro. Considera tambi\u00e9n el consumo de t\u00e9s herbales o infusiones, que pueden ser reconfortantes en climas fr\u00edos.<\/p>\n\n\n\n<h3 class=\"wp-block-heading\"><span class=\"ez-toc-section\" id=\"Habitos_de_higiene_y_limpieza_adecuados\"><\/span>H\u00e1bitos de higiene y limpieza adecuados<span class=\"ez-toc-section-end\"><\/span><\/h3>\n\n\n\n<p><strong>Exfoliaci\u00f3n suave:<\/strong> Aunque la exfoliaci\u00f3n es importante para eliminar las c\u00e9lulas muertas de la piel, evita hacerlo en exceso durante el invierno. Opta por exfoliantes suaves y limitados a una o dos veces por semana.<\/p>\n\n\n\n<p><strong>No olvides los labios<\/strong>: Los labios son particularmente susceptibles a la sequedad. Aplica un b\u00e1lsamo labial hidratante y evita lamerte los labios, ya que esto puede agravar la sequedad.<\/p>\n\n\n\n<h3 class=\"wp-block-heading\"><span class=\"ez-toc-section\" id=\"Proteccion_contra_factores_ambientales\"><\/span>Protecci\u00f3n contra factores ambientales<span class=\"ez-toc-section-end\"><\/span><\/h3>\n\n\n\n<p><strong>Ropa adecuada<\/strong>: Cuando salgas al exterior, aseg\u00farate de vestir ropa adecuada que proteja tu piel del fr\u00edo y el viento. Usa guantes y bufandas para cubrir las \u00e1reas expuestas, como las manos y el rostro.<\/p>\n\n\n\n<p><strong>Evitar el contacto directo con calefacci\u00f3n<\/strong>: Si pasas mucho tiempo en ambientes calefaccionados, intenta mantener una distancia razonable de fuentes de calor directas, ya que pueden deshidratar la piel.<\/p>\n\n\n\n<h2 class=\"wp-block-heading\"><span class=\"ez-toc-section\" id=\"%C2%A1Brillando_en_invierno\"><\/span>\u00a1Brillando en invierno!<span class=\"ez-toc-section-end\"><\/span><\/h2>\n\n\n\n<p>El cuidado de la piel en invierno es esencial para mantenerla sana y radiante. Adaptar tu rutina de cuidado y seguir estos consejos puede marcar una gran diferencia en la salud de tu piel durante los meses fr\u00edos. Recuerda que la <strong>hidrataci\u00f3n<\/strong>, la <strong><a href=\"https:\/\/es.wikipedia.org\/wiki\/Factor_de_protecci%C3%B3n_solar\" target=\"_blank\" rel=\"noopener\">protecci\u00f3n solar<\/a><\/strong> y una <strong>alimentaci\u00f3n equilibrada<\/strong> son clave para enfrentar los desaf\u00edos que esta temporada presenta.<\/p>\n\n\n\n<p>\u00a1Vis\u00edtanos en nuestra farmacia para asesoramiento personalizado en productos de cuidado de la piel para el invierno! Estamos aqu\u00ed para ayudarte a encontrar las mejores soluciones para mantener tu piel en su mejor estado.<\/p>\n","protected":false},"excerpt":{"rendered":"<p>El invierno trae consigo una serie de cambios en el clima que pueden afectar considerablemente la salud de nuestra piel. Con temperaturas m\u00e1s fr\u00edas, la humedad en el aire disminuye, lo que puede llevar a la deshidrataci\u00f3n cut\u00e1nea, irritaci\u00f3n e incluso a la aparici\u00f3n de problemas m\u00e1s serios. Por ello, es fundamental adaptar nuestra rutina [&hellip;]<\/p>\n","protected":false},"author":1,"featured_media":678,"comment_status":"closed","ping_status":"open","sticky":false,"template":"","format":"standard","meta":{"_et_pb_use_builder":"off","_et_pb_old_content":"","_et_gb_content_width":"1080","footnotes":""},"categories":[11],"tags":[],"class_list":["post-677","post","type-post","status-publish","format-standard","has-post-thumbnail","hentry","category-consejos-farmaceuticos"],"_links":{"self":[{"href":"https:\/\/farmaciadelpaseo.com\/blog\/wp-json\/wp\/v2\/posts\/677","targetHints":{"allow":["GET"]}}],"collection":[{"href":"https:\/\/farmaciadelpaseo.com\/blog\/wp-json\/wp\/v2\/posts"}],"about":[{"href":"https:\/\/farmaciadelpaseo.com\/blog\/wp-json\/wp\/v2\/types\/post"}],"author":[{"embeddable":true,"href":"https:\/\/farmaciadelpaseo.com\/blog\/wp-json\/wp\/v2\/users\/1"}],"replies":[{"embeddable":true,"href":"https:\/\/farmaciadelpaseo.com\/blog\/wp-json\/wp\/v2\/comments?post=677"}],"version-history":[{"count":8,"href":"https:\/\/farmaciadelpaseo.com\/blog\/wp-json\/wp\/v2\/posts\/677\/revisions"}],"predecessor-version":[{"id":697,"href":"https:\/\/farmaciadelpaseo.com\/blog\/wp-json\/wp\/v2\/posts\/677\/revisions\/697"}],"wp:featuredmedia":[{"embeddable":true,"href":"https:\/\/farmaciadelpaseo.com\/blog\/wp-json\/wp\/v2\/media\/678"}],"wp:attachment":[{"href":"https:\/\/farmaciadelpaseo.com\/blog\/wp-json\/wp\/v2\/media?parent=677"}],"wp:term":[{"taxonomy":"category","embeddable":true,"href":"https:\/\/farmaciadelpaseo.com\/blog\/wp-json\/wp\/v2\/categories?post=677"},{"taxonomy":"post_tag","embeddable":true,"href":"https:\/\/farmaciadelpaseo.com\/blog\/wp-json\/wp\/v2\/tags?post=677"}],"curies":[{"name":"wp","href":"https:\/\/api.w.org\/{rel}","templated":true}]}}